{"id":5458,"date":"2025-08-21T11:28:06","date_gmt":"2025-08-21T11:28:06","guid":{"rendered":"https:\/\/soccer.legia.com\/zabki\/?p=5458"},"modified":"2025-11-11T13:08:13","modified_gmt":"2025-11-11T13:08:13","slug":"przykladowa-galeria","status":"publish","type":"post","link":"https:\/\/soccer.legia.com\/zabki\/przykladowa-galeria\/","title":{"rendered":"Tu b\u0119dziemy trenowa\u0107 w zim\u0119!"},"content":{"rendered":"<section class=\"wpb-content-wrapper\"><p>[vc_row][vc_column][vc_masonry_media_grid initial_loading_animation=&#8221;fadeIn&#8221; grid_id=&#8221;vc_gid:1762866357856-b0877c7e-8fb1-6&#8243; include=&#8221;5680,5681,5682,5683,5684,5685&#8243;][\/vc_column][\/vc_row][vc_row][vc_column][vc_column_text]<\/p>\n<h4 style=\"text-align: center;\">Fot. Internet<\/h4>\n<p>[\/vc_column_text][\/vc_column][\/vc_row][vc_row][vc_column][vc_column_text]<\/p>\n<p>[\/vc_column_text][\/vc_column][\/vc_row][vc_row][vc_column][vc_raw_html]JTNDc3R5bGUlM0UucW9kZWYtaW5mby0tYm90dG9tJTdCZGlzcGxheSUzQW5vbmUlMjAlMjFpbXBvcnRhbnQlM0IlN0QlMEEucW9kZWYtZS1tZWRpYSUyQyUyMC5xb2RlZi1wYWdlLXRpdGxlJTdCZGlzcGxheSUzQW5vbmUlMjAlMjFpbXBvcnRhbnQlM0IlN0QlMEElM0MlMkZzdHlsZSUzRQ==[\/vc_raw_html][\/vc_column][\/vc_row]<\/p>\n<\/section>","protected":false},"excerpt":{"rendered":"<p>[vc_row][vc_column][vc_masonry_media_grid initial_loading_animation=&#8221;fadeIn&#8221; grid_id=&#8221;vc_gid:1762866357856-b0877c7e-8fb1-6&#8243; include=&#8221;5680,5681,5682,5683,5684,5685&#8243;][\/vc_column][\/vc_row][vc_row][vc_column][vc_column_text] Fot. Internet [\/vc_column_text][\/vc_column][\/vc_row][vc_row][vc_column][vc_column_text] [\/vc_column_text][\/vc_column][\/vc_row][vc_row][vc_column][vc_raw_html]JTNDc3R5bGUlM0UucW9kZWYtaW5mby0tYm90dG9tJTdCZGlzcGxheSUzQW5vbmUlMjAlMjFpbXBvcnRhbnQlM0IlN0QlMEEucW9kZWYtZS1tZWRpYSUyQyUyMC5xb2RlZi1wYWdlLXRpdGxlJTdCZGlzcGxheSUzQW5vbmUlMjAlMjFpbXBvcnRhbnQlM0IlN0QlMEElM0MlMkZzdHlsZSUzRQ==[\/vc_raw_html][\/vc_column][\/vc_row]<\/p>\n","protected":false},"author":1,"featured_media":5682,"comment_status":"closed","ping_status":"closed","sticky":false,"template":"","format":"standard","meta":{"_eb_attr":"","footnotes":""},"categories":[101],"tags":[],"class_list":["post-5458","post","type-post","status-publish","format-standard","has-post-thumbnail","hentry","category-multimedia"],"_links":{"self":[{"href":"https:\/\/soccer.legia.com\/zabki\/wp-json\/wp\/v2\/posts\/5458","targetHints":{"allow":["GET"]}}],"collection":[{"href":"https:\/\/soccer.legia.com\/zabki\/wp-json\/wp\/v2\/posts"}],"about":[{"href":"https:\/\/soccer.legia.com\/zabki\/wp-json\/wp\/v2\/types\/post"}],"author":[{"embeddable":true,"href":"https:\/\/soccer.legia.com\/zabki\/wp-json\/wp\/v2\/users\/1"}],"replies":[{"embeddable":true,"href":"https:\/\/soccer.legia.com\/zabki\/wp-json\/wp\/v2\/comments?post=5458"}],"version-history":[{"count":9,"href":"https:\/\/soccer.legia.com\/zabki\/wp-json\/wp\/v2\/posts\/5458\/revisions"}],"predecessor-version":[{"id":5687,"href":"https:\/\/soccer.legia.com\/zabki\/wp-json\/wp\/v2\/posts\/5458\/revisions\/5687"}],"wp:featuredmedia":[{"embeddable":true,"href":"https:\/\/soccer.legia.com\/zabki\/wp-json\/wp\/v2\/media\/5682"}],"wp:attachment":[{"href":"https:\/\/soccer.legia.com\/zabki\/wp-json\/wp\/v2\/media?parent=5458"}],"wp:term":[{"taxonomy":"category","embeddable":true,"href":"https:\/\/soccer.legia.com\/zabki\/wp-json\/wp\/v2\/categories?post=5458"},{"taxonomy":"post_tag","embeddable":true,"href":"https:\/\/soccer.legia.com\/zabki\/wp-json\/wp\/v2\/tags?post=5458"}],"curies":[{"name":"wp","href":"https:\/\/api.w.org\/{rel}","templated":true}]}}