{"id":5786,"date":"2026-04-22T10:38:23","date_gmt":"2026-04-22T10:38:23","guid":{"rendered":"https:\/\/soccer.legia.com\/radzymin\/?p=5786"},"modified":"2026-04-22T10:45:33","modified_gmt":"2026-04-22T10:45:33","slug":"spotkanie-w-radzyminie-wspolny-kierunek-na-przyszlosc","status":"publish","type":"post","link":"https:\/\/soccer.legia.com\/radzymin\/spotkanie-w-radzyminie-wspolny-kierunek-na-przyszlosc\/","title":{"rendered":"Spotkanie w Radzyminie &#8211; wsp\u00f3lny kierunek na przysz\u0142o\u015b\u0107"},"content":{"rendered":"<section class=\"wpb-content-wrapper\"><p>[vc_row css=&#8221;.vc_custom_1681853693784{margin-top: 50px !important;margin-bottom: 50px !important;}&#8221;][vc_column][vc_row_inner equal_height=&#8221;yes&#8221; content_placement=&#8221;top&#8221; enable_dots_background=&#8221;yes&#8221; background_dots_align=&#8221;right&#8221; background_dots_top_position=&#8221;-3%&#8221;][vc_column_inner width=&#8221;1\/2&#8243; offset=&#8221;vc_col-lg-5&#8243;][vc_single_image image=&#8221;5788&#8243; img_size=&#8221;1000&#215;1000&#8243; alignment=&#8221;center&#8221;][\/vc_column_inner][vc_column_inner width=&#8221;1\/2&#8243; offset=&#8221;vc_col-lg-7&#8243; css=&#8221;.vc_custom_1725996612325{background-color: #ffffff !important;}&#8221;][vc_column_text]<\/p>\n<div class=\"qodef-shortcode qodef-m qodef-section-title qodef-alignment--left \">\n<h3 class=\"qodef-m-title\">Dzi\u015b mieli\u015bmy przyjemno\u015b\u0107 spotka\u0107 si\u0119 z Burmistrzem Radzymina, aby porozmawia\u0107 o rozwoju projektu Legia Soccer Schools w tym mie\u015bcie!<\/h3>\n<p>W spotkaniu udzia\u0142 wzi\u0119li:<\/p>\n<ul>\n<li>Burmistrz Radzymina &#8211; <strong>Krzysztof Chaci\u0144ski<\/strong><\/li>\n<li>Dyrektor Radzymi\u0144ski O\u015brodek Kultury i Sportu &#8211; <strong>Damian Mogielnicki<\/strong><\/li>\n<li>Prezes Zarz\u0105dzaj\u0105cy Legia Warszawa &#8211; <strong>Marcin Herra<\/strong><\/li>\n<li>Cz\u0142onek Zarz\u0105du Legia Soccer Schools &#8211; <strong>Marcin Harasimowicz<\/strong><\/li>\n<li>Partner Legia Soccer Schools Radzymin &#8211; <strong>Ariel Kloj<\/strong><\/li>\n<\/ul>\n<p><strong>Silny o\u015brodek i dobra energia<\/strong><\/p>\n<p>Spotkanie przebieg\u0142o w bardzo dobrej, otwartej i pe\u0142nej energii atmosferze. Rozmawiali\u015bmy o aktualnej sytuacji naszego projektu w Radzyminie, kt\u00f3ry dzi\u015b skupia ju\u017c ponad <strong>220 zawodnik\u00f3w i zawodniczek<\/strong> z miasta i okolic.<\/p>\n<p>W ramach Legia Soccer Schools Radzymin (<a href=\"https:\/\/soccer.legia.com\/radzymin\/\" target=\"_blank\" rel=\"noopener\">soccer.legia.com\/Radzymin<\/a>) prowadzimy szeroki wachlarz program\u00f3w:<\/p>\n<ul>\n<li>Przedszkola pi\u0142karskie<\/li>\n<li>Szko\u0142y Techniki<\/li>\n<li>Szko\u0142y Bramkarzy<\/li>\n<li>Pi\u0142karski Rodzic<\/li>\n<li>Legia Ladies<\/li>\n<\/ul>\n<p>To kompleksowa oferta dla dzieci, m\u0142odzie\u017cy i doros\u0142ych, kt\u00f3ra realnie wp\u0142ywa na rozw\u00f3j sportowy lokalnej spo\u0142eczno\u015bci.<\/p>\n<p><strong>Rozw\u00f3j talent\u00f3w i lokalna wsp\u00f3\u0142praca<\/strong><\/p>\n<p>Jednym z kluczowych temat\u00f3w by\u0142a rola naszego programu w \u015bcie\u017cce rozwoju m\u0142odych zawodnik\u00f3w. Na co dzie\u0144 szkolimy dzieci zgodnie z metodologi\u0105 Legia Warszawa, rozwijaj\u0105c ich umiej\u0119tno\u015bci i pasj\u0119 do sportu.<\/p>\n<p>Najbardziej utalentowani zawodnicy trafiaj\u0105 nast\u0119pnie do lokalnych klub\u00f3w, takich jak Mazur Radzymin, co pokazuje, jak wa\u017cnym elementem sportowego ekosystemu miasta jest nasz projekt.<\/p>\n<p><strong>Nowe pomys\u0142y i wsp\u00f3lne inicjatywy<\/strong><\/p>\n<p>Podczas spotkania nie zabrak\u0142o rozm\u00f3w o przysz\u0142o\u015bci. Wsp\u00f3lnie om\u00f3wili\u015bmy szereg nowych pomys\u0142\u00f3w i kierunk\u00f3w wsp\u00f3\u0142pracy, m.in.:<\/p>\n<ul>\n<li>udzia\u0142 w wydarzeniach i eventach sportowych dla mieszka\u0144c\u00f3w<\/li>\n<li>wsp\u00f3lne spotkania i inicjatywy lokalne<\/li>\n<li>wyjazdy na stadion przy \u0141azienkowskiej 3 &#8211; m.in. na wydarzenia takie jak \u015awi\u0119to \u0141azienkowskiej czy Igrzyska Legii<\/li>\n<li>rozw\u00f3j nowych sekcji sportowych poza pi\u0142k\u0105 no\u017cn\u0105 w ramach <a href=\"https:\/\/legiaschools.pl\/\" target=\"_blank\" rel=\"noopener\">LegiaSchools.pl<\/a><\/li>\n<\/ul>\n<p>Jako du\u017cy klub chcemy by\u0107 aktywnie obecni w \u017cyciu miasta, wspiera\u0107 wszystkie dzia\u0142ania pro-sportowe i budowa\u0107 jeszcze silniejsz\u0105 spo\u0142eczno\u015b\u0107 wok\u00f3\u0142 sportu.<\/p>\n<p><strong>Legia jeszcze bli\u017cej Radzymina<\/strong><\/p>\n<p>To nie koniec dobrych informacji &#8211; ju\u017c wkr\u00f3tce ponownie odwiedzimy Radzymin w ramach projektu <strong>\u201eLegia w Twoim mie\u015bcie\u201d<\/strong>, kt\u00f3ry jeszcze bardziej zbli\u017cy nas do lokalnych spo\u0142eczno\u015bci.<\/p>\n<p>Dzi\u0119kujemy za spotkanie, otwarto\u015b\u0107 i wsp\u00f3ln\u0105 wizj\u0119 rozwoju. Radzymin to miejsce z ogromnym potencja\u0142em &#8211; i cieszymy si\u0119, \u017ce mo\u017cemy by\u0107 jego cz\u0119\u015bci\u0105.<\/p>\n<\/div>\n<p>&nbsp;<\/p>\n<h4 style=\"text-align: center;\"><a href=\"https:\/\/soccer.legia.com\/radzymin\/dolacz-do-nas\/\" target=\"_blank\" rel=\"noopener\">DO ZOBACZENIA NA BOISKACH W RADZYMINIE &#8211; KLIKNIJ TUTAJ BY DO\u0141\u0104CZY\u0106<\/a><\/h4>\n<p><img decoding=\"async\" class=\"aligncenter wp-image-5798 size-full\" src=\"https:\/\/soccer.legia.com\/radzymin\/wp-content\/uploads\/sites\/12\/2026\/04\/small_LSS_kampania-Radzymin-LSS.png\" alt=\"\" width=\"701\" height=\"992\" srcset=\"https:\/\/soccer.legia.com\/radzymin\/wp-content\/uploads\/sites\/12\/2026\/04\/small_LSS_kampania-Radzymin-LSS.png 701w, https:\/\/soccer.legia.com\/radzymin\/wp-content\/uploads\/sites\/12\/2026\/04\/small_LSS_kampania-Radzymin-LSS-212x300.png 212w, https:\/\/soccer.legia.com\/radzymin\/wp-content\/uploads\/sites\/12\/2026\/04\/small_LSS_kampania-Radzymin-LSS-90x128.png 90w, https:\/\/soccer.legia.com\/radzymin\/wp-content\/uploads\/sites\/12\/2026\/04\/small_LSS_kampania-Radzymin-LSS-23x32.png 23w, https:\/\/soccer.legia.com\/radzymin\/wp-content\/uploads\/sites\/12\/2026\/04\/small_LSS_kampania-Radzymin-LSS-600x849.png 600w\" sizes=\"(max-width: 701px) 100vw, 701px\" \/>[\/vc_column_text][\/vc_column_inner][\/vc_row_inner][vc_column_text][\/vc_column_text][\/vc_column][\/vc_row][vc_row][vc_column][vc_empty_space][\/vc_column][\/vc_row]<\/p>\n<\/section>","protected":false},"excerpt":{"rendered":"<p>[vc_row css=&#8221;.vc_custom_1681853693784{margin-top: 50px !important;margin-bottom: 50px !important;}&#8221;][vc_column][vc_row_inner equal_height=&#8221;yes&#8221; content_placement=&#8221;top&#8221; enable_dots_background=&#8221;yes&#8221; background_dots_align=&#8221;right&#8221; background_dots_top_position=&#8221;-3%&#8221;][vc_column_inner width=&#8221;1\/2&#8243; offset=&#8221;vc_col-lg-5&#8243;][vc_single_image image=&#8221;5788&#8243; img_size=&#8221;1000&#215;1000&#8243; alignment=&#8221;center&#8221;][\/vc_column_inner][vc_column_inner width=&#8221;1\/2&#8243; offset=&#8221;vc_col-lg-7&#8243; css=&#8221;.vc_custom_1725996612325{background-color: #ffffff !important;}&#8221;][vc_column_text] Dzi\u015b mieli\u015bmy przyjemno\u015b\u0107 spotka\u0107 si\u0119 z Burmistrzem Radzymina, aby porozmawia\u0107 o rozwoju projektu Legia Soccer Schools w tym mie\u015bcie! W spotkaniu udzia\u0142 wzi\u0119li: Burmistrz Radzymina &#8211; Krzysztof Chaci\u0144ski Dyrektor Radzymi\u0144ski O\u015brodek Kultury i Sportu [&hellip;]<\/p>\n","protected":false},"author":2,"featured_media":5788,"comment_status":"closed","ping_status":"closed","sticky":false,"template":"","format":"standard","meta":{"_eb_attr":"","footnotes":""},"categories":[78],"tags":[149,139,146,142,141,137,148,150,145,147,136,102,122,138,143,135],"class_list":["post-5786","post","type-post","status-publish","format-standard","has-post-thumbnail","hentry","category-aktualnosci","tag-bialoleka","tag-dorosli","tag-igrzyska-olimpijskie","tag-mosir","tag-mosirzoliborz","tag-naukaplywania","tag-olimpiada","tag-paryz","tag-paryz2024","tag-polska-kadra","tag-potocka1","tag-rekrutacja","tag-sport","tag-zajeciadladzieci","tag-zoli","tag-zoliborz"],"_links":{"self":[{"href":"https:\/\/soccer.legia.com\/radzymin\/wp-json\/wp\/v2\/posts\/5786","targetHints":{"allow":["GET"]}}],"collection":[{"href":"https:\/\/soccer.legia.com\/radzymin\/wp-json\/wp\/v2\/posts"}],"about":[{"href":"https:\/\/soccer.legia.com\/radzymin\/wp-json\/wp\/v2\/types\/post"}],"author":[{"embeddable":true,"href":"https:\/\/soccer.legia.com\/radzymin\/wp-json\/wp\/v2\/users\/2"}],"replies":[{"embeddable":true,"href":"https:\/\/soccer.legia.com\/radzymin\/wp-json\/wp\/v2\/comments?post=5786"}],"version-history":[{"count":7,"href":"https:\/\/soccer.legia.com\/radzymin\/wp-json\/wp\/v2\/posts\/5786\/revisions"}],"predecessor-version":[{"id":5801,"href":"https:\/\/soccer.legia.com\/radzymin\/wp-json\/wp\/v2\/posts\/5786\/revisions\/5801"}],"wp:featuredmedia":[{"embeddable":true,"href":"https:\/\/soccer.legia.com\/radzymin\/wp-json\/wp\/v2\/media\/5788"}],"wp:attachment":[{"href":"https:\/\/soccer.legia.com\/radzymin\/wp-json\/wp\/v2\/media?parent=5786"}],"wp:term":[{"taxonomy":"category","embeddable":true,"href":"https:\/\/soccer.legia.com\/radzymin\/wp-json\/wp\/v2\/categories?post=5786"},{"taxonomy":"post_tag","embeddable":true,"href":"https:\/\/soccer.legia.com\/radzymin\/wp-json\/wp\/v2\/tags?post=5786"}],"curies":[{"name":"wp","href":"https:\/\/api.w.org\/{rel}","templated":true}]}}