{"id":5835,"date":"2026-01-16T10:07:01","date_gmt":"2026-01-16T10:07:01","guid":{"rendered":"https:\/\/soccer.legia.com\/marki\/?p=5835"},"modified":"2026-01-16T10:07:01","modified_gmt":"2026-01-16T10:07:01","slug":"legia-warszawa-rozpoczela-zajecia-w-nadmie","status":"publish","type":"post","link":"https:\/\/soccer.legia.com\/marki\/legia-warszawa-rozpoczela-zajecia-w-nadmie\/","title":{"rendered":"Legia Warszawa rozpocz\u0119\u0142a zaj\u0119cia w Nadmie"},"content":{"rendered":"<section class=\"wpb-content-wrapper\"><p>[vc_row css=&#8221;.vc_custom_1681853693784{margin-top: 50px !important;margin-bottom: 50px !important;}&#8221;][vc_column][vc_row_inner equal_height=&#8221;yes&#8221; content_placement=&#8221;top&#8221; enable_dots_background=&#8221;yes&#8221; background_dots_align=&#8221;right&#8221; background_dots_top_position=&#8221;-3%&#8221;][vc_column_inner width=&#8221;1\/2&#8243; offset=&#8221;vc_col-lg-5&#8243;][vc_single_image image=&#8221;5814&#8243; img_size=&#8221;1000&#215;1000&#8243; alignment=&#8221;center&#8221;][\/vc_column_inner][vc_column_inner width=&#8221;1\/2&#8243; offset=&#8221;vc_col-lg-7&#8243; css=&#8221;.vc_custom_1725996612325{background-color: #ffffff !important;}&#8221;][vc_column_text]<\/p>\n<h4><strong>Ruszyli\u015bmy z treningami w Nadmie<\/strong><\/h4>\n<p>Od grudnia 2025 roku w SP im Kardyna\u0142a Wyszy\u0144skiego w Nadmie, mieszcz\u0105cym si\u0119 przy ulicy Szkolnej 7, rozpoczeli\u015bmy treningi Legii Warszawa.<\/p>\n<p>Zapraszamy do naszej wspania\u0142ej grupy legionist\u00f3w.<\/p>\n<p>Zaj\u0119cia prowadzimy w Szkole Techniki dla dzieci od 7 roku \u017cycia oraz w Przedszkolach Pi\u0142karskich gdzie trenujemy dziewczynki i ch\u0142opc\u00f3w w wieku od 3 do 6 lat.<\/p>\n<p>Wszystkie informacje pod numerem telefonu 607 988 888<\/p>\n<p>Czekamy w\u0142a\u015bnie na Ciebie<\/p>\n<p>Galeria <a href=\"https:\/\/soccer.legia.com\/marki\/pierwsze-zajecia-w-nadmie\/\">https:\/\/soccer.legia.com\/marki\/pierwsze-zajecia-w-nadmie\/<\/a>[\/vc_column_text][\/vc_column_inner][\/vc_row_inner][vc_column_text][\/vc_column_text][\/vc_column][\/vc_row][vc_row][vc_column][vc_empty_space][\/vc_column][\/vc_row]<\/p>\n<\/section>","protected":false},"excerpt":{"rendered":"<p>[vc_row css=&#8221;.vc_custom_1681853693784{margin-top: 50px !important;margin-bottom: 50px !important;}&#8221;][vc_column][vc_row_inner equal_height=&#8221;yes&#8221; content_placement=&#8221;top&#8221; enable_dots_background=&#8221;yes&#8221; background_dots_align=&#8221;right&#8221; background_dots_top_position=&#8221;-3%&#8221;][vc_column_inner width=&#8221;1\/2&#8243; offset=&#8221;vc_col-lg-5&#8243;][vc_single_image image=&#8221;5814&#8243; img_size=&#8221;1000&#215;1000&#8243; alignment=&#8221;center&#8221;][\/vc_column_inner][vc_column_inner width=&#8221;1\/2&#8243; offset=&#8221;vc_col-lg-7&#8243; css=&#8221;.vc_custom_1725996612325{background-color: #ffffff !important;}&#8221;][vc_column_text] Ruszyli\u015bmy z treningami w Nadmie Od grudnia 2025 roku w SP im Kardyna\u0142a Wyszy\u0144skiego w Nadmie, mieszcz\u0105cym si\u0119 przy ulicy Szkolnej 7, rozpoczeli\u015bmy treningi Legii Warszawa. Zapraszamy do naszej wspania\u0142ej grupy legionist\u00f3w. Zaj\u0119cia prowadzimy [&hellip;]<\/p>\n","protected":false},"author":15,"featured_media":5814,"comment_status":"closed","ping_status":"closed","sticky":false,"template":"","format":"standard","meta":{"_eb_attr":"","footnotes":""},"categories":[78],"tags":[149,139,146,142,141,137,148,150,145,147,136,102,122,138,143,135],"class_list":["post-5835","post","type-post","status-publish","format-standard","has-post-thumbnail","hentry","category-aktualnosci","tag-bialoleka","tag-dorosli","tag-igrzyska-olimpijskie","tag-mosir","tag-mosirzoliborz","tag-naukaplywania","tag-olimpiada","tag-paryz","tag-paryz2024","tag-polska-kadra","tag-potocka1","tag-rekrutacja","tag-sport","tag-zajeciadladzieci","tag-zoli","tag-zoliborz"],"_links":{"self":[{"href":"https:\/\/soccer.legia.com\/marki\/wp-json\/wp\/v2\/posts\/5835","targetHints":{"allow":["GET"]}}],"collection":[{"href":"https:\/\/soccer.legia.com\/marki\/wp-json\/wp\/v2\/posts"}],"about":[{"href":"https:\/\/soccer.legia.com\/marki\/wp-json\/wp\/v2\/types\/post"}],"author":[{"embeddable":true,"href":"https:\/\/soccer.legia.com\/marki\/wp-json\/wp\/v2\/users\/15"}],"replies":[{"embeddable":true,"href":"https:\/\/soccer.legia.com\/marki\/wp-json\/wp\/v2\/comments?post=5835"}],"version-history":[{"count":1,"href":"https:\/\/soccer.legia.com\/marki\/wp-json\/wp\/v2\/posts\/5835\/revisions"}],"predecessor-version":[{"id":5838,"href":"https:\/\/soccer.legia.com\/marki\/wp-json\/wp\/v2\/posts\/5835\/revisions\/5838"}],"wp:featuredmedia":[{"embeddable":true,"href":"https:\/\/soccer.legia.com\/marki\/wp-json\/wp\/v2\/media\/5814"}],"wp:attachment":[{"href":"https:\/\/soccer.legia.com\/marki\/wp-json\/wp\/v2\/media?parent=5835"}],"wp:term":[{"taxonomy":"category","embeddable":true,"href":"https:\/\/soccer.legia.com\/marki\/wp-json\/wp\/v2\/categories?post=5835"},{"taxonomy":"post_tag","embeddable":true,"href":"https:\/\/soccer.legia.com\/marki\/wp-json\/wp\/v2\/tags?post=5835"}],"curies":[{"name":"wp","href":"https:\/\/api.w.org\/{rel}","templated":true}]}}