{"id":5783,"date":"2025-11-13T20:18:49","date_gmt":"2025-11-13T20:18:49","guid":{"rendered":"https:\/\/soccer.legia.com\/marki\/?p=5783"},"modified":"2026-01-16T10:12:44","modified_gmt":"2026-01-16T10:12:44","slug":"legia-soccer-schools-marki-na-spotkaniu-z-reprezentantami-polski","status":"publish","type":"post","link":"https:\/\/soccer.legia.com\/marki\/legia-soccer-schools-marki-na-spotkaniu-z-reprezentantami-polski\/","title":{"rendered":"Legia Soccer Schools Marki na spotkaniu z Reprezentantami Polski!"},"content":{"rendered":"<section class=\"wpb-content-wrapper\"><p>[vc_row css=&#8221;.vc_custom_1681853693784{margin-top: 50px !important;margin-bottom: 50px !important;}&#8221;][vc_column][vc_row_inner equal_height=&#8221;yes&#8221; content_placement=&#8221;top&#8221; enable_dots_background=&#8221;yes&#8221; background_dots_align=&#8221;right&#8221; background_dots_top_position=&#8221;-3%&#8221;][vc_column_inner width=&#8221;1\/2&#8243; offset=&#8221;vc_col-lg-5&#8243;][vc_single_image image=&#8221;5784&#8243; img_size=&#8221;1000&#215;1000&#8243; alignment=&#8221;center&#8221;][\/vc_column_inner][vc_column_inner width=&#8221;1\/2&#8243; offset=&#8221;vc_col-lg-7&#8243; css=&#8221;.vc_custom_1725996612325{background-color: #ffffff !important;}&#8221;][vc_column_text]<\/p>\n<div class=\"qodef-shortcode qodef-m qodef-section-title qodef-alignment--left \">\n<h3>Nasi wspaniali zawodnicy z Marek spotkali si\u0119 z pi\u0142karzami Pierwszej Reprezentacji Polski, kt\u00f3ra ju\u017c w pi\u0105tek rozegra pojedynek z Holandi\u0105. W spotkaniu z naszymi adeptami wzi\u0119li udzia\u0142 powo\u0142ani do Reprezentacji Polski Legioni\u015bci.<\/h3>\n<\/div>\n<p>Bartosz Kapustka, Kacper Tobiasz, graj\u0105cy aktualnie w Karabach Agdam z Azerbejd\u017canu, robi\u0105cy furor\u0119 w Lidze Mistrz\u00f3w, Mateusz Kochalski (graj\u0105cy kilka lat temu w Legii) oraz trener przygotowania Motorycznego Pierwszej Reprezentacji (tak\u017ce pracuj\u0105cy kilka lat temu w Legii) Cezar San Juan Szklarz. Na chwilk\u0119 wpad\u0142 bramkarz jedenastki 100-lecia PZPN, J\u00f3zef M\u0142ynarczyk.<\/p>\n<p>Nasze gwiazdy oraz trener cierpliwie odpowiadali na wszystkie pytania, sk\u0142adali autografy, pozowali do zdj\u0119\u0107.<\/p>\n<p>Adepci Legijnych Marek bardzo dzi\u0119kuj\u0105 za mo\u017cliwo\u015b\u0107 spotkania ze swoimi idolami.<\/p>\n<p>Do zobaczenia nast\u0119pnym razem \ud83d\udcaa\u2b50\ufe0f\u26bd\ufe0f<\/p>\n<p style=\"text-align: center\" data-wp-editing=\"1\"><img decoding=\"async\" class=\"alignnone wp-image-5784 size-large\" src=\"https:\/\/soccer.legia.com\/marki\/wp-content\/uploads\/sites\/13\/2025\/11\/4fbe5e7d-419d-4634-b877-e7580c3db898-1500x1125.jpeg\" alt=\"\" width=\"1300\" height=\"975\" \/><img decoding=\"async\" class=\"alignnone wp-image-5785 size-large\" src=\"https:\/\/soccer.legia.com\/marki\/wp-content\/uploads\/sites\/13\/2025\/11\/8fedd5a3-1f90-400d-9278-fff11970aca4-1500x1125.jpeg\" alt=\"\" width=\"1300\" height=\"975\" \/><img decoding=\"async\" class=\"alignnone wp-image-5786 size-large\" src=\"https:\/\/soccer.legia.com\/marki\/wp-content\/uploads\/sites\/13\/2025\/11\/39dd5712-ac6e-481b-8de0-3acd0d398eb2-1125x1500.jpeg\" alt=\"\" width=\"1125\" height=\"1500\" srcset=\"https:\/\/soccer.legia.com\/marki\/wp-content\/uploads\/sites\/13\/2025\/11\/39dd5712-ac6e-481b-8de0-3acd0d398eb2-1125x1500.jpeg 1125w, https:\/\/soccer.legia.com\/marki\/wp-content\/uploads\/sites\/13\/2025\/11\/39dd5712-ac6e-481b-8de0-3acd0d398eb2-225x300.jpeg 225w, https:\/\/soccer.legia.com\/marki\/wp-content\/uploads\/sites\/13\/2025\/11\/39dd5712-ac6e-481b-8de0-3acd0d398eb2-768x1024.jpeg 768w, https:\/\/soccer.legia.com\/marki\/wp-content\/uploads\/sites\/13\/2025\/11\/39dd5712-ac6e-481b-8de0-3acd0d398eb2-1152x1536.jpeg 1152w, https:\/\/soccer.legia.com\/marki\/wp-content\/uploads\/sites\/13\/2025\/11\/39dd5712-ac6e-481b-8de0-3acd0d398eb2-96x128.jpeg 96w, https:\/\/soccer.legia.com\/marki\/wp-content\/uploads\/sites\/13\/2025\/11\/39dd5712-ac6e-481b-8de0-3acd0d398eb2-24x32.jpeg 24w, https:\/\/soccer.legia.com\/marki\/wp-content\/uploads\/sites\/13\/2025\/11\/39dd5712-ac6e-481b-8de0-3acd0d398eb2-600x800.jpeg 600w, https:\/\/soccer.legia.com\/marki\/wp-content\/uploads\/sites\/13\/2025\/11\/39dd5712-ac6e-481b-8de0-3acd0d398eb2.jpeg 1200w\" sizes=\"(max-width: 1125px) 100vw, 1125px\" \/><img decoding=\"async\" class=\"alignnone wp-image-5787 size-large\" src=\"https:\/\/soccer.legia.com\/marki\/wp-content\/uploads\/sites\/13\/2025\/11\/59c06c2d-c8b2-457a-a583-c0380f2822e9-1500x1125.jpeg\" alt=\"\" width=\"1300\" height=\"975\" srcset=\"https:\/\/soccer.legia.com\/marki\/wp-content\/uploads\/sites\/13\/2025\/11\/59c06c2d-c8b2-457a-a583-c0380f2822e9-1500x1125.jpeg 1500w, https:\/\/soccer.legia.com\/marki\/wp-content\/uploads\/sites\/13\/2025\/11\/59c06c2d-c8b2-457a-a583-c0380f2822e9-300x225.jpeg 300w, https:\/\/soccer.legia.com\/marki\/wp-content\/uploads\/sites\/13\/2025\/11\/59c06c2d-c8b2-457a-a583-c0380f2822e9-768x576.jpeg 768w, https:\/\/soccer.legia.com\/marki\/wp-content\/uploads\/sites\/13\/2025\/11\/59c06c2d-c8b2-457a-a583-c0380f2822e9-1536x1152.jpeg 1536w, https:\/\/soccer.legia.com\/marki\/wp-content\/uploads\/sites\/13\/2025\/11\/59c06c2d-c8b2-457a-a583-c0380f2822e9-128x96.jpeg 128w, https:\/\/soccer.legia.com\/marki\/wp-content\/uploads\/sites\/13\/2025\/11\/59c06c2d-c8b2-457a-a583-c0380f2822e9-32x24.jpeg 32w, https:\/\/soccer.legia.com\/marki\/wp-content\/uploads\/sites\/13\/2025\/11\/59c06c2d-c8b2-457a-a583-c0380f2822e9-600x450.jpeg 600w, https:\/\/soccer.legia.com\/marki\/wp-content\/uploads\/sites\/13\/2025\/11\/59c06c2d-c8b2-457a-a583-c0380f2822e9.jpeg 1600w\" sizes=\"(max-width: 1300px) 100vw, 1300px\" \/><img decoding=\"async\" class=\"alignnone wp-image-5788 size-large\" src=\"https:\/\/soccer.legia.com\/marki\/wp-content\/uploads\/sites\/13\/2025\/11\/091a7a01-0004-4122-9953-3f04b72e8307-1125x1500.jpeg\" alt=\"\" width=\"1125\" height=\"1500\" srcset=\"https:\/\/soccer.legia.com\/marki\/wp-content\/uploads\/sites\/13\/2025\/11\/091a7a01-0004-4122-9953-3f04b72e8307-1125x1500.jpeg 1125w, https:\/\/soccer.legia.com\/marki\/wp-content\/uploads\/sites\/13\/2025\/11\/091a7a01-0004-4122-9953-3f04b72e8307-225x300.jpeg 225w, https:\/\/soccer.legia.com\/marki\/wp-content\/uploads\/sites\/13\/2025\/11\/091a7a01-0004-4122-9953-3f04b72e8307-768x1024.jpeg 768w, https:\/\/soccer.legia.com\/marki\/wp-content\/uploads\/sites\/13\/2025\/11\/091a7a01-0004-4122-9953-3f04b72e8307-1152x1536.jpeg 1152w, https:\/\/soccer.legia.com\/marki\/wp-content\/uploads\/sites\/13\/2025\/11\/091a7a01-0004-4122-9953-3f04b72e8307-96x128.jpeg 96w, https:\/\/soccer.legia.com\/marki\/wp-content\/uploads\/sites\/13\/2025\/11\/091a7a01-0004-4122-9953-3f04b72e8307-24x32.jpeg 24w, https:\/\/soccer.legia.com\/marki\/wp-content\/uploads\/sites\/13\/2025\/11\/091a7a01-0004-4122-9953-3f04b72e8307-600x800.jpeg 600w, https:\/\/soccer.legia.com\/marki\/wp-content\/uploads\/sites\/13\/2025\/11\/091a7a01-0004-4122-9953-3f04b72e8307.jpeg 1200w\" sizes=\"(max-width: 1125px) 100vw, 1125px\" \/><img decoding=\"async\" class=\"alignnone wp-image-5789 size-large\" src=\"https:\/\/soccer.legia.com\/marki\/wp-content\/uploads\/sites\/13\/2025\/11\/932d9acd-760f-4d72-942a-2ea51448760c-1500x1125.jpeg\" alt=\"\" width=\"1300\" height=\"975\" srcset=\"https:\/\/soccer.legia.com\/marki\/wp-content\/uploads\/sites\/13\/2025\/11\/932d9acd-760f-4d72-942a-2ea51448760c-1500x1125.jpeg 1500w, https:\/\/soccer.legia.com\/marki\/wp-content\/uploads\/sites\/13\/2025\/11\/932d9acd-760f-4d72-942a-2ea51448760c-300x225.jpeg 300w, https:\/\/soccer.legia.com\/marki\/wp-content\/uploads\/sites\/13\/2025\/11\/932d9acd-760f-4d72-942a-2ea51448760c-768x576.jpeg 768w, https:\/\/soccer.legia.com\/marki\/wp-content\/uploads\/sites\/13\/2025\/11\/932d9acd-760f-4d72-942a-2ea51448760c-1536x1152.jpeg 1536w, https:\/\/soccer.legia.com\/marki\/wp-content\/uploads\/sites\/13\/2025\/11\/932d9acd-760f-4d72-942a-2ea51448760c-128x96.jpeg 128w, https:\/\/soccer.legia.com\/marki\/wp-content\/uploads\/sites\/13\/2025\/11\/932d9acd-760f-4d72-942a-2ea51448760c-32x24.jpeg 32w, https:\/\/soccer.legia.com\/marki\/wp-content\/uploads\/sites\/13\/2025\/11\/932d9acd-760f-4d72-942a-2ea51448760c-600x450.jpeg 600w, https:\/\/soccer.legia.com\/marki\/wp-content\/uploads\/sites\/13\/2025\/11\/932d9acd-760f-4d72-942a-2ea51448760c.jpeg 1600w\" sizes=\"(max-width: 1300px) 100vw, 1300px\" \/><img decoding=\"async\" class=\"alignnone wp-image-5790 size-large\" src=\"https:\/\/soccer.legia.com\/marki\/wp-content\/uploads\/sites\/13\/2025\/11\/8707cae3-dbbc-44a8-973a-3274c7ddad60-1500x1125.jpeg\" alt=\"\" width=\"1300\" height=\"975\" srcset=\"https:\/\/soccer.legia.com\/marki\/wp-content\/uploads\/sites\/13\/2025\/11\/8707cae3-dbbc-44a8-973a-3274c7ddad60-1500x1125.jpeg 1500w, https:\/\/soccer.legia.com\/marki\/wp-content\/uploads\/sites\/13\/2025\/11\/8707cae3-dbbc-44a8-973a-3274c7ddad60-300x225.jpeg 300w, https:\/\/soccer.legia.com\/marki\/wp-content\/uploads\/sites\/13\/2025\/11\/8707cae3-dbbc-44a8-973a-3274c7ddad60-768x576.jpeg 768w, https:\/\/soccer.legia.com\/marki\/wp-content\/uploads\/sites\/13\/2025\/11\/8707cae3-dbbc-44a8-973a-3274c7ddad60-1536x1152.jpeg 1536w, https:\/\/soccer.legia.com\/marki\/wp-content\/uploads\/sites\/13\/2025\/11\/8707cae3-dbbc-44a8-973a-3274c7ddad60-128x96.jpeg 128w, https:\/\/soccer.legia.com\/marki\/wp-content\/uploads\/sites\/13\/2025\/11\/8707cae3-dbbc-44a8-973a-3274c7ddad60-32x24.jpeg 32w, https:\/\/soccer.legia.com\/marki\/wp-content\/uploads\/sites\/13\/2025\/11\/8707cae3-dbbc-44a8-973a-3274c7ddad60-600x450.jpeg 600w, https:\/\/soccer.legia.com\/marki\/wp-content\/uploads\/sites\/13\/2025\/11\/8707cae3-dbbc-44a8-973a-3274c7ddad60.jpeg 1600w\" sizes=\"(max-width: 1300px) 100vw, 1300px\" \/><img decoding=\"async\" class=\"alignnone wp-image-5791 size-large\" src=\"https:\/\/soccer.legia.com\/marki\/wp-content\/uploads\/sites\/13\/2025\/11\/b9664b5f-648f-4c90-8488-81ebf165994b-1125x1500.jpeg\" alt=\"\" width=\"1125\" height=\"1500\" srcset=\"https:\/\/soccer.legia.com\/marki\/wp-content\/uploads\/sites\/13\/2025\/11\/b9664b5f-648f-4c90-8488-81ebf165994b-1125x1500.jpeg 1125w, https:\/\/soccer.legia.com\/marki\/wp-content\/uploads\/sites\/13\/2025\/11\/b9664b5f-648f-4c90-8488-81ebf165994b-225x300.jpeg 225w, https:\/\/soccer.legia.com\/marki\/wp-content\/uploads\/sites\/13\/2025\/11\/b9664b5f-648f-4c90-8488-81ebf165994b-768x1024.jpeg 768w, https:\/\/soccer.legia.com\/marki\/wp-content\/uploads\/sites\/13\/2025\/11\/b9664b5f-648f-4c90-8488-81ebf165994b-1152x1536.jpeg 1152w, https:\/\/soccer.legia.com\/marki\/wp-content\/uploads\/sites\/13\/2025\/11\/b9664b5f-648f-4c90-8488-81ebf165994b-96x128.jpeg 96w, https:\/\/soccer.legia.com\/marki\/wp-content\/uploads\/sites\/13\/2025\/11\/b9664b5f-648f-4c90-8488-81ebf165994b-24x32.jpeg 24w, https:\/\/soccer.legia.com\/marki\/wp-content\/uploads\/sites\/13\/2025\/11\/b9664b5f-648f-4c90-8488-81ebf165994b-600x800.jpeg 600w, https:\/\/soccer.legia.com\/marki\/wp-content\/uploads\/sites\/13\/2025\/11\/b9664b5f-648f-4c90-8488-81ebf165994b.jpeg 1200w\" sizes=\"(max-width: 1125px) 100vw, 1125px\" \/><img decoding=\"async\" class=\"alignnone wp-image-5792 size-large\" src=\"https:\/\/soccer.legia.com\/marki\/wp-content\/uploads\/sites\/13\/2025\/11\/d71cb0d6-e8fd-4fb0-8a31-daee20434398-1125x1500.jpeg\" alt=\"\" width=\"1125\" height=\"1500\" srcset=\"https:\/\/soccer.legia.com\/marki\/wp-content\/uploads\/sites\/13\/2025\/11\/d71cb0d6-e8fd-4fb0-8a31-daee20434398-1125x1500.jpeg 1125w, https:\/\/soccer.legia.com\/marki\/wp-content\/uploads\/sites\/13\/2025\/11\/d71cb0d6-e8fd-4fb0-8a31-daee20434398-225x300.jpeg 225w, https:\/\/soccer.legia.com\/marki\/wp-content\/uploads\/sites\/13\/2025\/11\/d71cb0d6-e8fd-4fb0-8a31-daee20434398-768x1024.jpeg 768w, https:\/\/soccer.legia.com\/marki\/wp-content\/uploads\/sites\/13\/2025\/11\/d71cb0d6-e8fd-4fb0-8a31-daee20434398-1152x1536.jpeg 1152w, https:\/\/soccer.legia.com\/marki\/wp-content\/uploads\/sites\/13\/2025\/11\/d71cb0d6-e8fd-4fb0-8a31-daee20434398-96x128.jpeg 96w, https:\/\/soccer.legia.com\/marki\/wp-content\/uploads\/sites\/13\/2025\/11\/d71cb0d6-e8fd-4fb0-8a31-daee20434398-24x32.jpeg 24w, https:\/\/soccer.legia.com\/marki\/wp-content\/uploads\/sites\/13\/2025\/11\/d71cb0d6-e8fd-4fb0-8a31-daee20434398-600x800.jpeg 600w, https:\/\/soccer.legia.com\/marki\/wp-content\/uploads\/sites\/13\/2025\/11\/d71cb0d6-e8fd-4fb0-8a31-daee20434398.jpeg 1200w\" sizes=\"(max-width: 1125px) 100vw, 1125px\" \/><\/p>\n<p>[\/vc_column_text][\/vc_column_inner][\/vc_row_inner][vc_column_text][\/vc_column_text][\/vc_column][\/vc_row][vc_row][vc_column][vc_empty_space][\/vc_column][\/vc_row]<\/p>\n<\/section>","protected":false},"excerpt":{"rendered":"<p>[vc_row css=&#8221;.vc_custom_1681853693784{margin-top: 50px !important;margin-bottom: 50px !important;}&#8221;][vc_column][vc_row_inner equal_height=&#8221;yes&#8221; content_placement=&#8221;top&#8221; enable_dots_background=&#8221;yes&#8221; background_dots_align=&#8221;right&#8221; background_dots_top_position=&#8221;-3%&#8221;][vc_column_inner width=&#8221;1\/2&#8243; offset=&#8221;vc_col-lg-5&#8243;][vc_single_image image=&#8221;5784&#8243; img_size=&#8221;1000&#215;1000&#8243; alignment=&#8221;center&#8221;][\/vc_column_inner][vc_column_inner width=&#8221;1\/2&#8243; offset=&#8221;vc_col-lg-7&#8243; css=&#8221;.vc_custom_1725996612325{background-color: #ffffff !important;}&#8221;][vc_column_text] Nasi wspaniali zawodnicy z Marek spotkali si\u0119 z pi\u0142karzami Pierwszej Reprezentacji Polski, kt\u00f3ra ju\u017c w pi\u0105tek rozegra pojedynek z Holandi\u0105. W spotkaniu z naszymi adeptami wzi\u0119li udzia\u0142 powo\u0142ani do Reprezentacji Polski Legioni\u015bci. Bartosz Kapustka, [&hellip;]<\/p>\n","protected":false},"author":2,"featured_media":5784,"comment_status":"closed","ping_status":"closed","sticky":false,"template":"","format":"standard","meta":{"_eb_attr":"","footnotes":""},"categories":[78],"tags":[149,139,146,142,141,137,148,150,145,147,136,102,122,138,143,135],"class_list":["post-5783","post","type-post","status-publish","format-standard","has-post-thumbnail","hentry","category-aktualnosci","tag-bialoleka","tag-dorosli","tag-igrzyska-olimpijskie","tag-mosir","tag-mosirzoliborz","tag-naukaplywania","tag-olimpiada","tag-paryz","tag-paryz2024","tag-polska-kadra","tag-potocka1","tag-rekrutacja","tag-sport","tag-zajeciadladzieci","tag-zoli","tag-zoliborz"],"_links":{"self":[{"href":"https:\/\/soccer.legia.com\/marki\/wp-json\/wp\/v2\/posts\/5783","targetHints":{"allow":["GET"]}}],"collection":[{"href":"https:\/\/soccer.legia.com\/marki\/wp-json\/wp\/v2\/posts"}],"about":[{"href":"https:\/\/soccer.legia.com\/marki\/wp-json\/wp\/v2\/types\/post"}],"author":[{"embeddable":true,"href":"https:\/\/soccer.legia.com\/marki\/wp-json\/wp\/v2\/users\/2"}],"replies":[{"embeddable":true,"href":"https:\/\/soccer.legia.com\/marki\/wp-json\/wp\/v2\/comments?post=5783"}],"version-history":[{"count":3,"href":"https:\/\/soccer.legia.com\/marki\/wp-json\/wp\/v2\/posts\/5783\/revisions"}],"predecessor-version":[{"id":5842,"href":"https:\/\/soccer.legia.com\/marki\/wp-json\/wp\/v2\/posts\/5783\/revisions\/5842"}],"wp:featuredmedia":[{"embeddable":true,"href":"https:\/\/soccer.legia.com\/marki\/wp-json\/wp\/v2\/media\/5784"}],"wp:attachment":[{"href":"https:\/\/soccer.legia.com\/marki\/wp-json\/wp\/v2\/media?parent=5783"}],"wp:term":[{"taxonomy":"category","embeddable":true,"href":"https:\/\/soccer.legia.com\/marki\/wp-json\/wp\/v2\/categories?post=5783"},{"taxonomy":"post_tag","embeddable":true,"href":"https:\/\/soccer.legia.com\/marki\/wp-json\/wp\/v2\/tags?post=5783"}],"curies":[{"name":"wp","href":"https:\/\/api.w.org\/{rel}","templated":true}]}}