{"id":5737,"date":"2025-10-10T08:55:14","date_gmt":"2025-10-10T08:55:14","guid":{"rendered":"https:\/\/soccer.legia.com\/lomianki\/?p=5737"},"modified":"2025-10-10T08:55:14","modified_gmt":"2025-10-10T08:55:14","slug":"wyjatkowi-goscie-na-treningu-w-lomiankach","status":"publish","type":"post","link":"https:\/\/soccer.legia.com\/lomianki\/wyjatkowi-goscie-na-treningu-w-lomiankach\/","title":{"rendered":"Wyj\u0105tkowi go\u015bcie na treningu w \u0141omiankach"},"content":{"rendered":"<section class=\"wpb-content-wrapper\"><p>[vc_row][vc_column][vc_masonry_media_grid initial_loading_animation=&#8221;fadeIn&#8221; grid_id=&#8221;vc_gid:1760085480818-108a2aea-749b-2&#8243; include=&#8221;5738,5739,5740,5741,5742,5743,5744,5745,5746,5747,5748,5749,5750,5751,5752,5753,5754,5755,5756,5757,5758,5759,5760,5761,5762,5763,5764,5765,5766,5767,5768,5769,5770,5771,5772,5773,5774,5775,5776,5777,5778,5779,5780,5781,5782,5783&#8243;][\/vc_column][\/vc_row][vc_row][vc_column][vc_column_text]<\/p>\n<h4 style=\"text-align: center;\">Fot. Jakub Grabowski<\/h4>\n<p>[\/vc_column_text][\/vc_column][\/vc_row][vc_row][vc_column][vc_column_text]<\/p>\n<p>[\/vc_column_text][\/vc_column][\/vc_row][vc_row][vc_column][vc_raw_html]JTNDc3R5bGUlM0UucW9kZWYtaW5mby0tYm90dG9tJTdCZGlzcGxheSUzQW5vbmUlMjAlMjFpbXBvcnRhbnQlM0IlN0QlMEEucW9kZWYtZS1tZWRpYSUyQyUyMC5xb2RlZi1wYWdlLXRpdGxlJTdCZGlzcGxheSUzQW5vbmUlMjAlMjFpbXBvcnRhbnQlM0IlN0QlMEElM0MlMkZzdHlsZSUzRQ==[\/vc_raw_html][\/vc_column][\/vc_row]<\/p>\n<\/section>","protected":false},"excerpt":{"rendered":"<p>[vc_row][vc_column][vc_masonry_media_grid initial_loading_animation=&#8221;fadeIn&#8221; grid_id=&#8221;vc_gid:1760085480818-108a2aea-749b-2&#8243; include=&#8221;5738,5739,5740,5741,5742,5743,5744,5745,5746,5747,5748,5749,5750,5751,5752,5753,5754,5755,5756,5757,5758,5759,5760,5761,5762,5763,5764,5765,5766,5767,5768,5769,5770,5771,5772,5773,5774,5775,5776,5777,5778,5779,5780,5781,5782,5783&#8243;][\/vc_column][\/vc_row][vc_row][vc_column][vc_column_text] Fot. Jakub Grabowski [\/vc_column_text][\/vc_column][\/vc_row][vc_row][vc_column][vc_column_text] [\/vc_column_text][\/vc_column][\/vc_row][vc_row][vc_column][vc_raw_html]JTNDc3R5bGUlM0UucW9kZWYtaW5mby0tYm90dG9tJTdCZGlzcGxheSUzQW5vbmUlMjAlMjFpbXBvcnRhbnQlM0IlN0QlMEEucW9kZWYtZS1tZWRpYSUyQyUyMC5xb2RlZi1wYWdlLXRpdGxlJTdCZGlzcGxheSUzQW5vbmUlMjAlMjFpbXBvcnRhbnQlM0IlN0QlMEElM0MlMkZzdHlsZSUzRQ==[\/vc_raw_html][\/vc_column][\/vc_row]<\/p>\n","protected":false},"author":2,"featured_media":5750,"comment_status":"closed","ping_status":"closed","sticky":false,"template":"","format":"standard","meta":{"_eb_attr":"","footnotes":""},"categories":[101],"tags":[],"class_list":["post-5737","post","type-post","status-publish","format-standard","has-post-thumbnail","hentry","category-multimedia"],"_links":{"self":[{"href":"https:\/\/soccer.legia.com\/lomianki\/wp-json\/wp\/v2\/posts\/5737","targetHints":{"allow":["GET"]}}],"collection":[{"href":"https:\/\/soccer.legia.com\/lomianki\/wp-json\/wp\/v2\/posts"}],"about":[{"href":"https:\/\/soccer.legia.com\/lomianki\/wp-json\/wp\/v2\/types\/post"}],"author":[{"embeddable":true,"href":"https:\/\/soccer.legia.com\/lomianki\/wp-json\/wp\/v2\/users\/2"}],"replies":[{"embeddable":true,"href":"https:\/\/soccer.legia.com\/lomianki\/wp-json\/wp\/v2\/comments?post=5737"}],"version-history":[{"count":1,"href":"https:\/\/soccer.legia.com\/lomianki\/wp-json\/wp\/v2\/posts\/5737\/revisions"}],"predecessor-version":[{"id":5784,"href":"https:\/\/soccer.legia.com\/lomianki\/wp-json\/wp\/v2\/posts\/5737\/revisions\/5784"}],"wp:featuredmedia":[{"embeddable":true,"href":"https:\/\/soccer.legia.com\/lomianki\/wp-json\/wp\/v2\/media\/5750"}],"wp:attachment":[{"href":"https:\/\/soccer.legia.com\/lomianki\/wp-json\/wp\/v2\/media?parent=5737"}],"wp:term":[{"taxonomy":"category","embeddable":true,"href":"https:\/\/soccer.legia.com\/lomianki\/wp-json\/wp\/v2\/categories?post=5737"},{"taxonomy":"post_tag","embeddable":true,"href":"https:\/\/soccer.legia.com\/lomianki\/wp-json\/wp\/v2\/tags?post=5737"}],"curies":[{"name":"wp","href":"https:\/\/api.w.org\/{rel}","templated":true}]}}