{"id":5688,"date":"2025-10-01T19:21:38","date_gmt":"2025-10-01T19:21:38","guid":{"rendered":"https:\/\/soccer.legia.com\/kozienice\/?p=5688"},"modified":"2025-10-01T19:35:55","modified_gmt":"2025-10-01T19:35:55","slug":"trening-z-rodzicem","status":"publish","type":"post","link":"https:\/\/soccer.legia.com\/kozienice\/trening-z-rodzicem\/","title":{"rendered":"Trening z rodzicem"},"content":{"rendered":"<section class=\"wpb-content-wrapper\"><p>[vc_row css=&#8221;.vc_custom_1681853693784{margin-top: 50px !important;margin-bottom: 50px !important;}&#8221;][vc_column][vc_row_inner equal_height=&#8221;yes&#8221; content_placement=&#8221;top&#8221; enable_dots_background=&#8221;yes&#8221; background_dots_align=&#8221;right&#8221; background_dots_top_position=&#8221;-3%&#8221;][vc_column_inner width=&#8221;1\/2&#8243; offset=&#8221;vc_col-lg-5&#8243;][vc_single_image image=&#8221;5692&#8243; img_size=&#8221;1000&#215;1000&#8243; alignment=&#8221;center&#8221;][\/vc_column_inner][vc_column_inner width=&#8221;1\/2&#8243; offset=&#8221;vc_col-lg-7&#8243; css=&#8221;.vc_custom_1725996612325{background-color: #ffffff !important;}&#8221;][vc_column_text]<\/p>\n<div class=\"qodef-shortcode qodef-m qodef-section-title qodef-alignment--left \">\n<h2 class=\"qodef-m-title\">Trening z rodzicem<\/h2>\n<p class=\"qodef-m-text\">Raz w miesi\u0105cu do zaj\u0119\u0107 zapraszamy rodzic\u00f3w lub opiekun\u00f3w kt\u00f3rzy aktywnie bior\u0105 udzia\u0142 w treningu razem z zawodnikami. To \u015bwietna okazja na wsp\u00f3ln\u0105 zabaw\u0119 i integracje \ud83d\ude42<\/p>\n\n\t\t<style type=\"text\/css\">\n\t\t\t#gallery-1 {\n\t\t\t\tmargin: auto;\n\t\t\t}\n\t\t\t#gallery-1 .gallery-item {\n\t\t\t\tfloat: left;\n\t\t\t\tmargin-top: 10px;\n\t\t\t\ttext-align: center;\n\t\t\t\twidth: 33%;\n\t\t\t}\n\t\t\t#gallery-1 img {\n\t\t\t\tborder: 2px solid #cfcfcf;\n\t\t\t}\n\t\t\t#gallery-1 .gallery-caption {\n\t\t\t\tmargin-left: 0;\n\t\t\t}\n\t\t\t\/* see gallery_shortcode() in wp-includes\/media.php *\/\n\t\t<\/style>\n\t\t<div id='gallery-1' class='gallery galleryid-5688 gallery-columns-3 gallery-size-medium'><dl class='gallery-item'>\n\t\t\t<dt class='gallery-icon landscape'>\n\t\t\t\t<a href='https:\/\/soccer.legia.com\/kozienice\/trening-z-rodzicem\/img_6096\/'><img decoding=\"async\" width=\"300\" height=\"225\" src=\"https:\/\/soccer.legia.com\/kozienice\/wp-content\/uploads\/sites\/6\/2025\/10\/IMG_6096-300x225.jpg\" class=\"attachment-medium size-medium\" alt=\"\" aria-describedby=\"gallery-1-5693\" srcset=\"https:\/\/soccer.legia.com\/kozienice\/wp-content\/uploads\/sites\/6\/2025\/10\/IMG_6096-300x225.jpg 300w, https:\/\/soccer.legia.com\/kozienice\/wp-content\/uploads\/sites\/6\/2025\/10\/IMG_6096-1024x768.jpg 1024w, https:\/\/soccer.legia.com\/kozienice\/wp-content\/uploads\/sites\/6\/2025\/10\/IMG_6096-768x576.jpg 768w, https:\/\/soccer.legia.com\/kozienice\/wp-content\/uploads\/sites\/6\/2025\/10\/IMG_6096-1536x1152.jpg 1536w, https:\/\/soccer.legia.com\/kozienice\/wp-content\/uploads\/sites\/6\/2025\/10\/IMG_6096-2048x1536.jpg 2048w, https:\/\/soccer.legia.com\/kozienice\/wp-content\/uploads\/sites\/6\/2025\/10\/IMG_6096-128x96.jpg 128w, https:\/\/soccer.legia.com\/kozienice\/wp-content\/uploads\/sites\/6\/2025\/10\/IMG_6096-32x24.jpg 32w, https:\/\/soccer.legia.com\/kozienice\/wp-content\/uploads\/sites\/6\/2025\/10\/IMG_6096-600x450.jpg 600w\" sizes=\"(max-width: 300px) 100vw, 300px\" \/><\/a>\n\t\t\t<\/dt>\n\t\t\t\t<dd class='wp-caption-text gallery-caption' id='gallery-1-5693'>\n\t\t\t\tKozienice\n\t\t\t\t<\/dd><\/dl><dl class='gallery-item'>\n\t\t\t<dt class='gallery-icon landscape'>\n\t\t\t\t<a href='https:\/\/soccer.legia.com\/kozienice\/trening-z-rodzicem\/img_4332\/'><img decoding=\"async\" width=\"300\" height=\"300\" src=\"https:\/\/soccer.legia.com\/kozienice\/wp-content\/uploads\/sites\/6\/2025\/10\/IMG_4332-e1759347292109-300x300.jpg\" class=\"attachment-medium size-medium\" alt=\"\" aria-describedby=\"gallery-1-5692\" srcset=\"https:\/\/soccer.legia.com\/kozienice\/wp-content\/uploads\/sites\/6\/2025\/10\/IMG_4332-e1759347292109-300x300.jpg 300w, https:\/\/soccer.legia.com\/kozienice\/wp-content\/uploads\/sites\/6\/2025\/10\/IMG_4332-e1759347292109-150x150.jpg 150w, https:\/\/soccer.legia.com\/kozienice\/wp-content\/uploads\/sites\/6\/2025\/10\/IMG_4332-e1759347292109-768x768.jpg 768w, https:\/\/soccer.legia.com\/kozienice\/wp-content\/uploads\/sites\/6\/2025\/10\/IMG_4332-e1759347292109-1024x1024.jpg 1024w, https:\/\/soccer.legia.com\/kozienice\/wp-content\/uploads\/sites\/6\/2025\/10\/IMG_4332-e1759347292109-128x128.jpg 128w, https:\/\/soccer.legia.com\/kozienice\/wp-content\/uploads\/sites\/6\/2025\/10\/IMG_4332-e1759347292109-32x32.jpg 32w, https:\/\/soccer.legia.com\/kozienice\/wp-content\/uploads\/sites\/6\/2025\/10\/IMG_4332-e1759347292109-650x650.jpg 650w, https:\/\/soccer.legia.com\/kozienice\/wp-content\/uploads\/sites\/6\/2025\/10\/IMG_4332-e1759347292109-600x600.jpg 600w, https:\/\/soccer.legia.com\/kozienice\/wp-content\/uploads\/sites\/6\/2025\/10\/IMG_4332-e1759347292109-100x100.jpg 100w, https:\/\/soccer.legia.com\/kozienice\/wp-content\/uploads\/sites\/6\/2025\/10\/IMG_4332-e1759347292109.jpg 1200w\" sizes=\"(max-width: 300px) 100vw, 300px\" \/><\/a>\n\t\t\t<\/dt>\n\t\t\t\t<dd class='wp-caption-text gallery-caption' id='gallery-1-5692'>\n\t\t\t\tKozienice\n\t\t\t\t<\/dd><\/dl><dl class='gallery-item'>\n\t\t\t<dt class='gallery-icon landscape'>\n\t\t\t\t<a href='https:\/\/soccer.legia.com\/kozienice\/trening-z-rodzicem\/407061da-14fb-4e0d-b373-979f7b6e2f40\/'><img decoding=\"async\" width=\"300\" height=\"225\" src=\"https:\/\/soccer.legia.com\/kozienice\/wp-content\/uploads\/sites\/6\/2025\/10\/407061da-14fb-4e0d-b373-979f7b6e2f40-300x225.jpg\" class=\"attachment-medium size-medium\" alt=\"\" aria-describedby=\"gallery-1-5691\" srcset=\"https:\/\/soccer.legia.com\/kozienice\/wp-content\/uploads\/sites\/6\/2025\/10\/407061da-14fb-4e0d-b373-979f7b6e2f40-300x225.jpg 300w, https:\/\/soccer.legia.com\/kozienice\/wp-content\/uploads\/sites\/6\/2025\/10\/407061da-14fb-4e0d-b373-979f7b6e2f40-1024x769.jpg 1024w, https:\/\/soccer.legia.com\/kozienice\/wp-content\/uploads\/sites\/6\/2025\/10\/407061da-14fb-4e0d-b373-979f7b6e2f40-768x577.jpg 768w, https:\/\/soccer.legia.com\/kozienice\/wp-content\/uploads\/sites\/6\/2025\/10\/407061da-14fb-4e0d-b373-979f7b6e2f40-1536x1153.jpg 1536w, https:\/\/soccer.legia.com\/kozienice\/wp-content\/uploads\/sites\/6\/2025\/10\/407061da-14fb-4e0d-b373-979f7b6e2f40-2048x1538.jpg 2048w, https:\/\/soccer.legia.com\/kozienice\/wp-content\/uploads\/sites\/6\/2025\/10\/407061da-14fb-4e0d-b373-979f7b6e2f40-128x96.jpg 128w, https:\/\/soccer.legia.com\/kozienice\/wp-content\/uploads\/sites\/6\/2025\/10\/407061da-14fb-4e0d-b373-979f7b6e2f40-32x24.jpg 32w, https:\/\/soccer.legia.com\/kozienice\/wp-content\/uploads\/sites\/6\/2025\/10\/407061da-14fb-4e0d-b373-979f7b6e2f40-600x451.jpg 600w\" sizes=\"(max-width: 300px) 100vw, 300px\" \/><\/a>\n\t\t\t<\/dt>\n\t\t\t\t<dd class='wp-caption-text gallery-caption' id='gallery-1-5691'>\n\t\t\t\tKozienice\n\t\t\t\t<\/dd><\/dl><br style=\"clear: both\" \/><dl class='gallery-item'>\n\t\t\t<dt class='gallery-icon landscape'>\n\t\t\t\t<a href='https:\/\/soccer.legia.com\/kozienice\/trening-z-rodzicem\/2776a4b0-0dea-4c88-b5d5-8de4fc26a49d\/'><img decoding=\"async\" width=\"300\" height=\"139\" src=\"https:\/\/soccer.legia.com\/kozienice\/wp-content\/uploads\/sites\/6\/2025\/10\/2776a4b0-0dea-4c88-b5d5-8de4fc26a49d-300x139.jpg\" class=\"attachment-medium size-medium\" alt=\"\" aria-describedby=\"gallery-1-5690\" srcset=\"https:\/\/soccer.legia.com\/kozienice\/wp-content\/uploads\/sites\/6\/2025\/10\/2776a4b0-0dea-4c88-b5d5-8de4fc26a49d-300x139.jpg 300w, https:\/\/soccer.legia.com\/kozienice\/wp-content\/uploads\/sites\/6\/2025\/10\/2776a4b0-0dea-4c88-b5d5-8de4fc26a49d-1024x473.jpg 1024w, https:\/\/soccer.legia.com\/kozienice\/wp-content\/uploads\/sites\/6\/2025\/10\/2776a4b0-0dea-4c88-b5d5-8de4fc26a49d-768x355.jpg 768w, https:\/\/soccer.legia.com\/kozienice\/wp-content\/uploads\/sites\/6\/2025\/10\/2776a4b0-0dea-4c88-b5d5-8de4fc26a49d-1536x710.jpg 1536w, https:\/\/soccer.legia.com\/kozienice\/wp-content\/uploads\/sites\/6\/2025\/10\/2776a4b0-0dea-4c88-b5d5-8de4fc26a49d-128x59.jpg 128w, https:\/\/soccer.legia.com\/kozienice\/wp-content\/uploads\/sites\/6\/2025\/10\/2776a4b0-0dea-4c88-b5d5-8de4fc26a49d-32x15.jpg 32w, https:\/\/soccer.legia.com\/kozienice\/wp-content\/uploads\/sites\/6\/2025\/10\/2776a4b0-0dea-4c88-b5d5-8de4fc26a49d-600x277.jpg 600w, https:\/\/soccer.legia.com\/kozienice\/wp-content\/uploads\/sites\/6\/2025\/10\/2776a4b0-0dea-4c88-b5d5-8de4fc26a49d.jpg 2048w\" sizes=\"(max-width: 300px) 100vw, 300px\" \/><\/a>\n\t\t\t<\/dt>\n\t\t\t\t<dd class='wp-caption-text gallery-caption' id='gallery-1-5690'>\n\t\t\t\tKozienice\n\t\t\t\t<\/dd><\/dl>\n\t\t\t<br style='clear: both' \/>\n\t\t<\/div>\n\n<p>&nbsp;<\/p>\n<\/div>\n<p>[\/vc_column_text][\/vc_column_inner][\/vc_row_inner][vc_column_text][\/vc_column_text][\/vc_column][\/vc_row][vc_row][vc_column][vc_empty_space][\/vc_column][\/vc_row]<\/p>\n<\/section>","protected":false},"excerpt":{"rendered":"<p>[vc_row css=&#8221;.vc_custom_1681853693784{margin-top: 50px !important;margin-bottom: 50px !important;}&#8221;][vc_column][vc_row_inner equal_height=&#8221;yes&#8221; content_placement=&#8221;top&#8221; enable_dots_background=&#8221;yes&#8221; background_dots_align=&#8221;right&#8221; background_dots_top_position=&#8221;-3%&#8221;][vc_column_inner width=&#8221;1\/2&#8243; offset=&#8221;vc_col-lg-5&#8243;][vc_single_image image=&#8221;5692&#8243; img_size=&#8221;1000&#215;1000&#8243; alignment=&#8221;center&#8221;][\/vc_column_inner][vc_column_inner width=&#8221;1\/2&#8243; offset=&#8221;vc_col-lg-7&#8243; css=&#8221;.vc_custom_1725996612325{background-color: #ffffff !important;}&#8221;][vc_column_text] Trening z rodzicem Raz w miesi\u0105cu do zaj\u0119\u0107 zapraszamy rodzic\u00f3w lub opiekun\u00f3w kt\u00f3rzy aktywnie bior\u0105 udzia\u0142 w treningu razem z zawodnikami. To \u015bwietna okazja na wsp\u00f3ln\u0105 zabaw\u0119 i integracje \ud83d\ude42 &nbsp; [\/vc_column_text][\/vc_column_inner][\/vc_row_inner][vc_column_text][\/vc_column_text][\/vc_column][\/vc_row][vc_row][vc_column][vc_empty_space][\/vc_column][\/vc_row]<\/p>\n","protected":false},"author":8,"featured_media":5692,"comment_status":"closed","ping_status":"closed","sticky":false,"template":"","format":"standard","meta":{"_eb_attr":"","footnotes":""},"categories":[78],"tags":[149,139,146,142,141,137,148,150,145,147,136,102,122,138,143,135],"class_list":["post-5688","post","type-post","status-publish","format-standard","has-post-thumbnail","hentry","category-aktualnosci","tag-bialoleka","tag-dorosli","tag-igrzyska-olimpijskie","tag-mosir","tag-mosirzoliborz","tag-naukaplywania","tag-olimpiada","tag-paryz","tag-paryz2024","tag-polska-kadra","tag-potocka1","tag-rekrutacja","tag-sport","tag-zajeciadladzieci","tag-zoli","tag-zoliborz"],"_links":{"self":[{"href":"https:\/\/soccer.legia.com\/kozienice\/wp-json\/wp\/v2\/posts\/5688","targetHints":{"allow":["GET"]}}],"collection":[{"href":"https:\/\/soccer.legia.com\/kozienice\/wp-json\/wp\/v2\/posts"}],"about":[{"href":"https:\/\/soccer.legia.com\/kozienice\/wp-json\/wp\/v2\/types\/post"}],"author":[{"embeddable":true,"href":"https:\/\/soccer.legia.com\/kozienice\/wp-json\/wp\/v2\/users\/8"}],"replies":[{"embeddable":true,"href":"https:\/\/soccer.legia.com\/kozienice\/wp-json\/wp\/v2\/comments?post=5688"}],"version-history":[{"count":3,"href":"https:\/\/soccer.legia.com\/kozienice\/wp-json\/wp\/v2\/posts\/5688\/revisions"}],"predecessor-version":[{"id":5695,"href":"https:\/\/soccer.legia.com\/kozienice\/wp-json\/wp\/v2\/posts\/5688\/revisions\/5695"}],"wp:featuredmedia":[{"embeddable":true,"href":"https:\/\/soccer.legia.com\/kozienice\/wp-json\/wp\/v2\/media\/5692"}],"wp:attachment":[{"href":"https:\/\/soccer.legia.com\/kozienice\/wp-json\/wp\/v2\/media?parent=5688"}],"wp:term":[{"taxonomy":"category","embeddable":true,"href":"https:\/\/soccer.legia.com\/kozienice\/wp-json\/wp\/v2\/categories?post=5688"},{"taxonomy":"post_tag","embeddable":true,"href":"https:\/\/soccer.legia.com\/kozienice\/wp-json\/wp\/v2\/tags?post=5688"}],"curies":[{"name":"wp","href":"https:\/\/api.w.org\/{rel}","templated":true}]}}