{"id":5648,"date":"2025-10-01T18:29:55","date_gmt":"2025-10-01T18:29:55","guid":{"rendered":"https:\/\/soccer.legia.com\/kozienice\/?p=5648"},"modified":"2025-10-01T19:17:36","modified_gmt":"2025-10-01T19:17:36","slug":"kozienice-w-warszawie","status":"publish","type":"post","link":"https:\/\/soccer.legia.com\/kozienice\/kozienice-w-warszawie\/","title":{"rendered":"Kozienice w Warszawie!"},"content":{"rendered":"<section class=\"wpb-content-wrapper\"><p>[vc_row css=&#8221;.vc_custom_1681853693784{margin-top: 50px !important;margin-bottom: 50px !important;}&#8221;][vc_column][vc_row_inner equal_height=&#8221;yes&#8221; content_placement=&#8221;top&#8221; enable_dots_background=&#8221;yes&#8221; background_dots_align=&#8221;right&#8221; background_dots_top_position=&#8221;-3%&#8221;][vc_column_inner width=&#8221;1\/2&#8243; offset=&#8221;vc_col-lg-5&#8243;][vc_single_image image=&#8221;5677&#8243; img_size=&#8221;1000&#215;1000&#8243; alignment=&#8221;center&#8221;][\/vc_column_inner][vc_column_inner width=&#8221;1\/2&#8243; offset=&#8221;vc_col-lg-7&#8243; css=&#8221;.vc_custom_1725996612325{background-color: #ffffff !important;}&#8221;][vc_column_text]<\/p>\n<div class=\"qodef-shortcode qodef-m qodef-section-title qodef-alignment--left \">\n<h2 class=\"qodef-m-title\">LEGIA &#8211; RADOMIAK<\/h2>\n<p class=\"qodef-m-text\">21 wrze\u015bnia mieli\u015bmy okazje uczestniczy\u0107 w meczu <strong>Legia &#8211; Radomiak. <\/strong>Przed meczem mogli\u015bmy zada\u0107 pytania pomocnikowi Legii &#8211; Patrykowi Kunowi, a w przerwie spotkania brali\u015bmy udzia\u0142 w przemarszu sekcji Legii Schools w przerwie meczu!<\/p>\n<p><a href=\"https:\/\/soccer.legia.com\/kozienice\/kozienice-w-warszawie-2\/\">ZOBACZ ZDJ\u0118CIA<\/a><\/p>\n<\/div>\n<p>[\/vc_column_text][\/vc_column_inner][\/vc_row_inner][vc_column_text][\/vc_column_text][\/vc_column][\/vc_row][vc_row][vc_column][vc_empty_space][\/vc_column][\/vc_row]<\/p>\n<\/section>","protected":false},"excerpt":{"rendered":"<p>[vc_row css=&#8221;.vc_custom_1681853693784{margin-top: 50px !important;margin-bottom: 50px !important;}&#8221;][vc_column][vc_row_inner equal_height=&#8221;yes&#8221; content_placement=&#8221;top&#8221; enable_dots_background=&#8221;yes&#8221; background_dots_align=&#8221;right&#8221; background_dots_top_position=&#8221;-3%&#8221;][vc_column_inner width=&#8221;1\/2&#8243; offset=&#8221;vc_col-lg-5&#8243;][vc_single_image image=&#8221;5677&#8243; img_size=&#8221;1000&#215;1000&#8243; alignment=&#8221;center&#8221;][\/vc_column_inner][vc_column_inner width=&#8221;1\/2&#8243; offset=&#8221;vc_col-lg-7&#8243; css=&#8221;.vc_custom_1725996612325{background-color: #ffffff !important;}&#8221;][vc_column_text] LEGIA &#8211; RADOMIAK 21 wrze\u015bnia mieli\u015bmy okazje uczestniczy\u0107 w meczu Legia &#8211; Radomiak. Przed meczem mogli\u015bmy zada\u0107 pytania pomocnikowi Legii &#8211; Patrykowi Kunowi, a w przerwie spotkania brali\u015bmy udzia\u0142 w przemarszu sekcji Legii Schools [&hellip;]<\/p>\n","protected":false},"author":8,"featured_media":5676,"comment_status":"closed","ping_status":"closed","sticky":false,"template":"","format":"standard","meta":{"_eb_attr":"","footnotes":""},"categories":[78],"tags":[149,139,146,142,141,137,148,150,145,147,136,102,122,138,143,135],"class_list":["post-5648","post","type-post","status-publish","format-standard","has-post-thumbnail","hentry","category-aktualnosci","tag-bialoleka","tag-dorosli","tag-igrzyska-olimpijskie","tag-mosir","tag-mosirzoliborz","tag-naukaplywania","tag-olimpiada","tag-paryz","tag-paryz2024","tag-polska-kadra","tag-potocka1","tag-rekrutacja","tag-sport","tag-zajeciadladzieci","tag-zoli","tag-zoliborz"],"_links":{"self":[{"href":"https:\/\/soccer.legia.com\/kozienice\/wp-json\/wp\/v2\/posts\/5648","targetHints":{"allow":["GET"]}}],"collection":[{"href":"https:\/\/soccer.legia.com\/kozienice\/wp-json\/wp\/v2\/posts"}],"about":[{"href":"https:\/\/soccer.legia.com\/kozienice\/wp-json\/wp\/v2\/types\/post"}],"author":[{"embeddable":true,"href":"https:\/\/soccer.legia.com\/kozienice\/wp-json\/wp\/v2\/users\/8"}],"replies":[{"embeddable":true,"href":"https:\/\/soccer.legia.com\/kozienice\/wp-json\/wp\/v2\/comments?post=5648"}],"version-history":[{"count":9,"href":"https:\/\/soccer.legia.com\/kozienice\/wp-json\/wp\/v2\/posts\/5648\/revisions"}],"predecessor-version":[{"id":5687,"href":"https:\/\/soccer.legia.com\/kozienice\/wp-json\/wp\/v2\/posts\/5648\/revisions\/5687"}],"wp:featuredmedia":[{"embeddable":true,"href":"https:\/\/soccer.legia.com\/kozienice\/wp-json\/wp\/v2\/media\/5676"}],"wp:attachment":[{"href":"https:\/\/soccer.legia.com\/kozienice\/wp-json\/wp\/v2\/media?parent=5648"}],"wp:term":[{"taxonomy":"category","embeddable":true,"href":"https:\/\/soccer.legia.com\/kozienice\/wp-json\/wp\/v2\/categories?post=5648"},{"taxonomy":"post_tag","embeddable":true,"href":"https:\/\/soccer.legia.com\/kozienice\/wp-json\/wp\/v2\/tags?post=5648"}],"curies":[{"name":"wp","href":"https:\/\/api.w.org\/{rel}","templated":true}]}}