{"id":5695,"date":"2026-04-09T18:11:18","date_gmt":"2026-04-09T18:11:18","guid":{"rendered":"https:\/\/soccer.legia.com\/darts\/?p=5695"},"modified":"2026-04-15T21:13:23","modified_gmt":"2026-04-15T21:13:23","slug":"umowa-podpisana-zaczynamy-rzucac","status":"publish","type":"post","link":"https:\/\/soccer.legia.com\/darts\/umowa-podpisana-zaczynamy-rzucac\/","title":{"rendered":"Dart wkracza na \u0141azienkowsk\u0105. Rusza Legia Darts"},"content":{"rendered":"<section class=\"wpb-content-wrapper\"><p>[vc_row css=&#8221;.vc_custom_1681853693784{margin-top: 50px !important;margin-bottom: 50px !important;}&#8221;][vc_column][vc_row_inner equal_height=&#8221;yes&#8221; content_placement=&#8221;top&#8221; enable_dots_background=&#8221;yes&#8221; background_dots_align=&#8221;right&#8221; background_dots_top_position=&#8221;-3%&#8221;][vc_column_inner width=&#8221;1\/2&#8243; offset=&#8221;vc_col-lg-5&#8243;][vc_single_image image=&#8221;5774&#8243; img_size=&#8221;1000&#215;1000&#8243; alignment=&#8221;center&#8221; onclick=&#8221;img_link_large&#8221; img_link_target=&#8221;_blank&#8221;][\/vc_column_inner][vc_column_inner width=&#8221;1\/2&#8243; offset=&#8221;vc_col-lg-7&#8243; css=&#8221;.vc_custom_1725996612325{background-color: #ffffff !important;}&#8221;][vc_column_text]<\/p>\n<p data-start=\"387\" data-end=\"708\"><strong data-start=\"387\" data-end=\"484\">Z dum\u0105 og\u0142aszamy start projektu Legia Darts \u2013 akademii darta dzia\u0142aj\u0105cej przy Legii Warszawa.<\/strong><\/p>\n<p data-start=\"387\" data-end=\"708\">Podpisanie umowy o wsp\u00f3\u0142pracy otwiera nowy rozdzia\u0142 w rozwoju tej coraz popularniejszej dyscypliny i jednocze\u015bnie rozpoczyna budow\u0119 profesjonalnego \u015brodowiska szkoleniowego dla zawodnik\u00f3w na ka\u017cdym poziomie zaawansowania.<\/p>\n<p data-start=\"715\" data-end=\"994\">Legia Darts to miejsce dla dzieci, m\u0142odzie\u017cy i doros\u0142ych, kt\u00f3rzy chc\u0105 rozpocz\u0105\u0107 swoj\u0105 przygod\u0119 z dartem lub rozwija\u0107 swoje umiej\u0119tno\u015bci pod okiem do\u015bwiadczonych trener\u00f3w. Projekt \u0142\u0105czy regularne treningi, sportow\u0105 rywalizacj\u0119 oraz budowanie spo\u0142eczno\u015bci wok\u00f3\u0142 tej dyscypliny.<\/p>\n<p>To dopiero pocz\u0105tek.<br \/>\nGramy swoje. Teraz tak\u017ce w darcie.[\/vc_column_text][vc_separator]<a class=\"qodef-shortcode qodef-m  qodef-button qodef-layout--filled  qodef-html--link\" href=\"https:\/\/soccer.legia.com\/darts\/aktualnosci\/\" target=\"_self\"  >\n\t<span class=\"qodef-m-text\">Powr\u00f3t<\/span>\n\t<span class=\"qodef-m-background-holder\" ><\/span>\n<\/a>[\/vc_column_inner][\/vc_row_inner][vc_column_text][\/vc_column_text][\/vc_column][\/vc_row][vc_row][vc_column][vc_empty_space][\/vc_column][\/vc_row]<\/p>\n<\/section>","protected":false},"excerpt":{"rendered":"<p>[vc_row css=&#8221;.vc_custom_1681853693784{margin-top: 50px !important;margin-bottom: 50px !important;}&#8221;][vc_column][vc_row_inner equal_height=&#8221;yes&#8221; content_placement=&#8221;top&#8221; enable_dots_background=&#8221;yes&#8221; background_dots_align=&#8221;right&#8221; background_dots_top_position=&#8221;-3%&#8221;][vc_column_inner width=&#8221;1\/2&#8243; offset=&#8221;vc_col-lg-5&#8243;][vc_single_image image=&#8221;5774&#8243; img_size=&#8221;1000&#215;1000&#8243; alignment=&#8221;center&#8221; onclick=&#8221;img_link_large&#8221; img_link_target=&#8221;_blank&#8221;][\/vc_column_inner][vc_column_inner width=&#8221;1\/2&#8243; offset=&#8221;vc_col-lg-7&#8243; css=&#8221;.vc_custom_1725996612325{background-color: #ffffff !important;}&#8221;][vc_column_text] Z dum\u0105 og\u0142aszamy start projektu Legia Darts \u2013 akademii darta dzia\u0142aj\u0105cej przy Legii Warszawa. Podpisanie umowy o wsp\u00f3\u0142pracy otwiera nowy rozdzia\u0142 w rozwoju tej coraz popularniejszej dyscypliny i jednocze\u015bnie rozpoczyna budow\u0119 profesjonalnego [&hellip;]<\/p>\n","protected":false},"author":60,"featured_media":5774,"comment_status":"closed","ping_status":"closed","sticky":false,"template":"","format":"standard","meta":{"_eb_attr":"","footnotes":""},"categories":[78],"tags":[169,170,163,164,139,168,165,166,167,122,138],"class_list":["post-5695","post","type-post","status-publish","format-standard","has-post-thumbnail","hentry","category-aktualnosci","tag-akademia-darta","tag-akademiadarta","tag-dart","tag-darts","tag-dorosli","tag-jdc","tag-legiadarts","tag-legiadartsschools","tag-pdc","tag-sport","tag-zajeciadladzieci"],"_links":{"self":[{"href":"https:\/\/soccer.legia.com\/darts\/wp-json\/wp\/v2\/posts\/5695","targetHints":{"allow":["GET"]}}],"collection":[{"href":"https:\/\/soccer.legia.com\/darts\/wp-json\/wp\/v2\/posts"}],"about":[{"href":"https:\/\/soccer.legia.com\/darts\/wp-json\/wp\/v2\/types\/post"}],"author":[{"embeddable":true,"href":"https:\/\/soccer.legia.com\/darts\/wp-json\/wp\/v2\/users\/60"}],"replies":[{"embeddable":true,"href":"https:\/\/soccer.legia.com\/darts\/wp-json\/wp\/v2\/comments?post=5695"}],"version-history":[{"count":6,"href":"https:\/\/soccer.legia.com\/darts\/wp-json\/wp\/v2\/posts\/5695\/revisions"}],"predecessor-version":[{"id":5836,"href":"https:\/\/soccer.legia.com\/darts\/wp-json\/wp\/v2\/posts\/5695\/revisions\/5836"}],"wp:featuredmedia":[{"embeddable":true,"href":"https:\/\/soccer.legia.com\/darts\/wp-json\/wp\/v2\/media\/5774"}],"wp:attachment":[{"href":"https:\/\/soccer.legia.com\/darts\/wp-json\/wp\/v2\/media?parent=5695"}],"wp:term":[{"taxonomy":"category","embeddable":true,"href":"https:\/\/soccer.legia.com\/darts\/wp-json\/wp\/v2\/categories?post=5695"},{"taxonomy":"post_tag","embeddable":true,"href":"https:\/\/soccer.legia.com\/darts\/wp-json\/wp\/v2\/tags?post=5695"}],"curies":[{"name":"wp","href":"https:\/\/api.w.org\/{rel}","templated":true}]}}