{"id":5458,"date":"2025-08-21T11:28:06","date_gmt":"2025-08-21T11:28:06","guid":{"rendered":"https:\/\/soccer.legia.com\/chelmza\/?p=5458"},"modified":"2025-10-13T10:41:13","modified_gmt":"2025-10-13T10:41:13","slug":"przykladowa-galeria","status":"publish","type":"post","link":"https:\/\/soccer.legia.com\/chelmza\/przykladowa-galeria\/","title":{"rendered":"Podpisanie umowy o wsp\u00f3\u0142pracy z Legi\u0105"},"content":{"rendered":"<section class=\"wpb-content-wrapper\"><p>[vc_row][vc_column][vc_masonry_media_grid initial_loading_animation=&#8221;fadeIn&#8221; grid_id=&#8221;vc_gid:1760352057544-28c5c12c-6e53-6&#8243; include=&#8221;5672,5673,5674,5675,5676,5677,5678,5679&#8243;][\/vc_column][\/vc_row][vc_row][vc_column][vc_column_text]<\/p>\n<h4 style=\"text-align: center;\">Fot. Janusz Partyka<\/h4>\n<p>[\/vc_column_text][\/vc_column][\/vc_row][vc_row][vc_column][vc_column_text]<\/p>\n<p>[\/vc_column_text][\/vc_column][\/vc_row][vc_row][vc_column][vc_raw_html]JTNDc3R5bGUlM0UucW9kZWYtaW5mby0tYm90dG9tJTdCZGlzcGxheSUzQW5vbmUlMjAlMjFpbXBvcnRhbnQlM0IlN0QlMEEucW9kZWYtZS1tZWRpYSUyQyUyMC5xb2RlZi1wYWdlLXRpdGxlJTdCZGlzcGxheSUzQW5vbmUlMjAlMjFpbXBvcnRhbnQlM0IlN0QlMEElM0MlMkZzdHlsZSUzRQ==[\/vc_raw_html][\/vc_column][\/vc_row]<\/p>\n<\/section>","protected":false},"excerpt":{"rendered":"<p>[vc_row][vc_column][vc_masonry_media_grid initial_loading_animation=&#8221;fadeIn&#8221; grid_id=&#8221;vc_gid:1760352057544-28c5c12c-6e53-6&#8243; include=&#8221;5672,5673,5674,5675,5676,5677,5678,5679&#8243;][\/vc_column][\/vc_row][vc_row][vc_column][vc_column_text] Fot. Janusz Partyka [\/vc_column_text][\/vc_column][\/vc_row][vc_row][vc_column][vc_column_text] [\/vc_column_text][\/vc_column][\/vc_row][vc_row][vc_column][vc_raw_html]JTNDc3R5bGUlM0UucW9kZWYtaW5mby0tYm90dG9tJTdCZGlzcGxheSUzQW5vbmUlMjAlMjFpbXBvcnRhbnQlM0IlN0QlMEEucW9kZWYtZS1tZWRpYSUyQyUyMC5xb2RlZi1wYWdlLXRpdGxlJTdCZGlzcGxheSUzQW5vbmUlMjAlMjFpbXBvcnRhbnQlM0IlN0QlMEElM0MlMkZzdHlsZSUzRQ==[\/vc_raw_html][\/vc_column][\/vc_row]<\/p>\n","protected":false},"author":1,"featured_media":5678,"comment_status":"closed","ping_status":"closed","sticky":false,"template":"","format":"standard","meta":{"_eb_attr":"","footnotes":""},"categories":[101],"tags":[],"class_list":["post-5458","post","type-post","status-publish","format-standard","has-post-thumbnail","hentry","category-multimedia"],"_links":{"self":[{"href":"https:\/\/soccer.legia.com\/chelmza\/wp-json\/wp\/v2\/posts\/5458","targetHints":{"allow":["GET"]}}],"collection":[{"href":"https:\/\/soccer.legia.com\/chelmza\/wp-json\/wp\/v2\/posts"}],"about":[{"href":"https:\/\/soccer.legia.com\/chelmza\/wp-json\/wp\/v2\/types\/post"}],"author":[{"embeddable":true,"href":"https:\/\/soccer.legia.com\/chelmza\/wp-json\/wp\/v2\/users\/1"}],"replies":[{"embeddable":true,"href":"https:\/\/soccer.legia.com\/chelmza\/wp-json\/wp\/v2\/comments?post=5458"}],"version-history":[{"count":10,"href":"https:\/\/soccer.legia.com\/chelmza\/wp-json\/wp\/v2\/posts\/5458\/revisions"}],"predecessor-version":[{"id":5682,"href":"https:\/\/soccer.legia.com\/chelmza\/wp-json\/wp\/v2\/posts\/5458\/revisions\/5682"}],"wp:featuredmedia":[{"embeddable":true,"href":"https:\/\/soccer.legia.com\/chelmza\/wp-json\/wp\/v2\/media\/5678"}],"wp:attachment":[{"href":"https:\/\/soccer.legia.com\/chelmza\/wp-json\/wp\/v2\/media?parent=5458"}],"wp:term":[{"taxonomy":"category","embeddable":true,"href":"https:\/\/soccer.legia.com\/chelmza\/wp-json\/wp\/v2\/categories?post=5458"},{"taxonomy":"post_tag","embeddable":true,"href":"https:\/\/soccer.legia.com\/chelmza\/wp-json\/wp\/v2\/tags?post=5458"}],"curies":[{"name":"wp","href":"https:\/\/api.w.org\/{rel}","templated":true}]}}